{"id":603,"date":"2025-01-21T21:06:34","date_gmt":"2025-01-21T21:06:34","guid":{"rendered":"https:\/\/aranybalintingatlan.hu\/?p=603"},"modified":"2025-01-21T21:15:54","modified_gmt":"2025-01-21T21:15:54","slug":"elementor-603","status":"publish","type":"post","link":"https:\/\/aranybalintingatlan.hu\/index.php\/2025\/01\/21\/elementor-603\/","title":{"rendered":"\u00c9p\u00edt\u00e9si telkek- hogyan tal\u00e1ld meg a sz\u00e1modra megfelel\u0151t"},"content":{"rendered":"\t\t<div data-elementor-type=\"wp-post\" data-elementor-id=\"603\" class=\"elementor elementor-603\" data-elementor-post-type=\"post\">\n\t\t\t\t<div class=\"elementor-element elementor-element-d32a0aa e-flex e-con-boxed e-con e-parent\" data-id=\"d32a0aa\" data-element_type=\"container\" data-e-type=\"container\">\n\t\t\t\t\t<div class=\"e-con-inner\">\n\t\t\t\t<div class=\"elementor-element elementor-element-47c9d04 elementor-widget elementor-widget-text-editor\" data-id=\"47c9d04\" data-element_type=\"widget\" data-e-type=\"widget\" data-widget_type=\"text-editor.default\">\n\t\t\t\t<div class=\"elementor-widget-container\">\n\t\t\t\t\t\t\t\t\t<h5><strong>Mire figyelj\u00fcnk \u00e9p\u00edt\u00e9si telek v\u00e1s\u00e1rl\u00e1sakor?<\/strong><\/h5>\t\t\t\t\t\t\t\t<\/div>\n\t\t\t\t<\/div>\n\t\t\t\t\t<\/div>\n\t\t\t\t<\/div>\n\t\t<div class=\"elementor-element elementor-element-a7da5f1 e-flex e-con-boxed e-con e-parent\" data-id=\"a7da5f1\" data-element_type=\"container\" data-e-type=\"container\">\n\t\t\t\t\t<div class=\"e-con-inner\">\n\t\t\t\t<div class=\"elementor-element elementor-element-c7c2154 elementor-widget elementor-widget-text-editor\" data-id=\"c7c2154\" data-element_type=\"widget\" data-e-type=\"widget\" data-widget_type=\"text-editor.default\">\n\t\t\t\t<div class=\"elementor-widget-container\">\n\t\t\t\t\t\t\t\t\t<p><span style=\"font-weight: 400;\">Az \u00faj otthon meg\u00e1lmod\u00e1sa izgalmas folyamat, de az els\u0151 l\u00e9p\u00e9s, a megfelel\u0151 telek kiv\u00e1laszt\u00e1sa alapos tervez\u00e9st ig\u00e9nyel. Sok t\u00e9nyez\u0151t kell figyelembe venn\u00fcnk ahhoz, hogy hossz\u00fa t\u00e1von is megfelel\u0151 v\u00e1laszt\u00e1st hozzunk. Ebben a cikkben \u00e1ttekintj\u00fck azokat a legfontosabb szempontokat, amelyeket \u00e9rdemes szem el\u0151tt tartani.<\/span><\/p><p><span style=\"font-weight: 400;\">Tulajdoni viszonyok: A kiindul\u00f3pont Az els\u0151 l\u00e9p\u00e9s, hogy alaposan megismerj\u00fck a telek tulajdoni viszonyait. A tulajdoni lap adatai alapj\u00e1n ellen\u0151rizz\u00fck, hogy a telek tehermentes-e, \u00e9s nincsenek-e rajta olyan korl\u00e1toz\u00e1sok, amelyek az \u00e9p\u00edtkez\u00e9st akad\u00e1lyozhatj\u00e1k. Fontos, hogy a telek hat\u00e1rai pontosan legyenek meghat\u00e1rozva, \u00e9s egyezzenek a val\u00f3s\u00e1gos \u00e1llapotokkal. Egy f\u00f6ldm\u00e9r\u0151 seg\u00edts\u00e9g\u00e9vel ezt k\u00f6nnyen ellen\u0151rizhetj\u00fck.<\/span><\/p><p><span style=\"font-weight: 400;\">\u00d6vezeti besorol\u00e1s \u00e9s \u00e9p\u00edt\u00e9si szab\u00e1lyzat Az adott ter\u00fclet \u00f6vezeti besorol\u00e1sa meghat\u00e1rozza, hogy milyen t\u00edpus\u00fa \u00e9p\u00fcletet \u00e9p\u00edthet\u00fcnk a telken, mekkora lehet az \u00e9p\u00fclet alapter\u00fclete, \u00e9s milyen t\u00e1vols\u00e1gra kell lennie a telekhat\u00e1rt\u00f3l. Az \u00e9p\u00edt\u00e9si szab\u00e1lyzatban tov\u00e1bbi r\u00e9szletes el\u0151\u00edr\u00e1sokat tal\u00e1lhatunk, amelyeket mindenk\u00e9ppen \u00e9rdemes tanulm\u00e1nyozni.<\/span><\/p><p><span style=\"font-weight: 400;\">K\u00f6rnyezet \u00e9s infrastrukt\u00fara A telek k\u00f6rnyezete nagyban befoly\u00e1solja majd az \u00e9letmin\u0151s\u00e9g\u00fcnket. \u00c9rdemes megvizsg\u00e1lni a szomsz\u00e9ds\u00e1got, a k\u00f6zleked\u00e9si lehet\u0151s\u00e9geket, a k\u00f6zm\u0171ves\u00edtetts\u00e9get \u00e9s a k\u00f6rnyezeti terhel\u00e9st is. Egy zajos k\u00f6rnyezetben vagy egy forgalmas \u00fat mellett p\u00e9ld\u00e1ul nehezebb lesz megteremteni a nyugalmat.<\/span><\/p><p><span style=\"font-weight: 400;\">K\u00f6zm\u0171vek A k\u00f6zm\u0171vek el\u00e9rhet\u0151s\u00e9ge elengedhetetlen felt\u00e9tele az \u00e9p\u00edtkez\u00e9snek. Ellen\u0151rizz\u00fck, hogy a telekre bek\u00f6thet\u0151-e a v\u00edz, a villany, a g\u00e1z \u00e9s a csatorna. Ha ezek a szolg\u00e1ltat\u00e1sok nem \u00e9rhet\u0151k el, vagy a kapacit\u00e1suk nem megfelel\u0151, jelent\u0151s t\u00f6bbletk\u00f6lts\u00e9ggel j\u00e1rhat a ki\u00e9p\u00edt\u00e9s\u00fck.<\/span><\/p><p><span style=\"font-weight: 400;\">J\u00f6v\u0151beli tervek Ne csak a jelenre, hanem a j\u00f6v\u0151re is gondoljunk. \u00c9rdemes t\u00e1j\u00e9koz\u00f3dni a ter\u00fclet fejleszt\u00e9si terveir\u0151l, hiszen egy \u00faj \u00fat vagy ipari park l\u00e9tes\u00edt\u00e9se jelent\u0151sen befoly\u00e1solhatja az ingatlan \u00e9rt\u00e9k\u00e9t \u00e9s a k\u00f6rnyezetet.<\/span><\/p><p><span style=\"font-weight: 400;\">Szak\u00e9rt\u0151i seg\u00edts\u00e9g Egy \u00e9p\u00edt\u00e9si telek megv\u00e1s\u00e1rl\u00e1sa komoly d\u00f6nt\u00e9s, amelyhez \u00e9rdemes szak\u00e9rt\u0151 seg\u00edts\u00e9g\u00e9t k\u00e9rni. Egy tapasztalt ingatlanos vagy \u00e9p\u00edt\u00e9sz seg\u00edthet \u00d6nnek megtal\u00e1lni az ide\u00e1lis telket, \u00e9s t\u00e1j\u00e9koztatni a jogi \u00e9s m\u0171szaki k\u00e9rd\u00e9sekr\u0151l.<\/span><\/p><p><span style=\"font-weight: 400;\">\u00d6n is szeretne egy \u00e1lomotthont \u00e9p\u00edteni? Ha szeretne t\u00f6bbet megtudni az \u00e9p\u00edt\u00e9si telkek kiv\u00e1laszt\u00e1s\u00e1r\u00f3l vagy seg\u00edts\u00e9gre van sz\u00fcks\u00e9ge a megfelel\u0151 telek megtal\u00e1l\u00e1s\u00e1ban, forduljon hozz\u00e1m bizalommal! Szak\u00e9rt\u0151k\u00e9nt sz\u00edvesen seg\u00edtek \u00d6nnek megtal\u00e1lni az ide\u00e1lis helysz\u00ednt \u00faj otthon\u00e1nak.<\/span><\/p>\t\t\t\t\t\t\t\t<\/div>\n\t\t\t\t<\/div>\n\t\t\t\t\t<\/div>\n\t\t\t\t<\/div>\n\t\t\t\t<\/div>\n\t\t","protected":false},"excerpt":{"rendered":"<p>Mire figyelj\u00fcnk \u00e9p\u00edt\u00e9si telek v\u00e1s\u00e1rl\u00e1sakor? Az \u00faj otthon meg\u00e1lmod\u00e1sa izgalmas folyamat, de az els\u0151 l\u00e9p\u00e9s, a megfelel\u0151 telek kiv\u00e1laszt\u00e1sa alapos tervez\u00e9st ig\u00e9nyel. Sok t\u00e9nyez\u0151t kell figyelembe venn\u00fcnk ahhoz, hogy hossz\u00fa t\u00e1von is megfelel\u0151 v\u00e1laszt\u00e1st hozzunk. Ebben a cikkben \u00e1ttekintj\u00fck azokat a legfontosabb szempontokat, amelyeket \u00e9rdemes szem el\u0151tt tartani. Tulajdoni viszonyok: A kiindul\u00f3pont Az els\u0151 l\u00e9p\u00e9s, [&hellip;]<\/p>\n","protected":false},"author":1,"featured_media":609,"comment_status":"open","ping_status":"closed","sticky":false,"template":"","format":"standard","meta":{"footnotes":""},"categories":[1],"tags":[],"class_list":["post-603","post","type-post","status-publish","format-standard","has-post-thumbnail","hentry","category-uncategorized"],"yoast_head":"<!-- This site is optimized with the Yoast SEO plugin v27.5 - https:\/\/yoast.com\/product\/yoast-seo-wordpress\/ -->\n<title>\u00c9p\u00edt\u00e9si telkek- hogyan tal\u00e1ld meg a sz\u00e1modra megfelel\u0151t - aranybalintingatlan.hu<\/title>\n<meta name=\"robots\" content=\"index, follow, max-snippet:-1, max-image-preview:large, max-video-preview:-1\" \/>\n<link rel=\"canonical\" href=\"https:\/\/aranybalintingatlan.hu\/index.php\/2025\/01\/21\/elementor-603\/\" \/>\n<meta property=\"og:locale\" content=\"hu_HU\" \/>\n<meta property=\"og:type\" content=\"article\" \/>\n<meta property=\"og:title\" content=\"\u00c9p\u00edt\u00e9si telkek- hogyan tal\u00e1ld meg a sz\u00e1modra megfelel\u0151t - aranybalintingatlan.hu\" \/>\n<meta property=\"og:description\" content=\"Mire figyelj\u00fcnk \u00e9p\u00edt\u00e9si telek v\u00e1s\u00e1rl\u00e1sakor? Az \u00faj otthon meg\u00e1lmod\u00e1sa izgalmas folyamat, de az els\u0151 l\u00e9p\u00e9s, a megfelel\u0151 telek kiv\u00e1laszt\u00e1sa alapos tervez\u00e9st ig\u00e9nyel. Sok t\u00e9nyez\u0151t kell figyelembe venn\u00fcnk ahhoz, hogy hossz\u00fa t\u00e1von is megfelel\u0151 v\u00e1laszt\u00e1st hozzunk. Ebben a cikkben \u00e1ttekintj\u00fck azokat a legfontosabb szempontokat, amelyeket \u00e9rdemes szem el\u0151tt tartani. Tulajdoni viszonyok: A kiindul\u00f3pont Az els\u0151 l\u00e9p\u00e9s, [&hellip;]\" \/>\n<meta property=\"og:url\" content=\"https:\/\/aranybalintingatlan.hu\/index.php\/2025\/01\/21\/elementor-603\/\" \/>\n<meta property=\"og:site_name\" content=\"aranybalintingatlan.hu\" \/>\n<meta property=\"article:published_time\" content=\"2025-01-21T21:06:34+00:00\" \/>\n<meta property=\"article:modified_time\" content=\"2025-01-21T21:15:54+00:00\" \/>\n<meta property=\"og:image\" content=\"https:\/\/aranybalintingatlan.hu\/wp-content\/uploads\/2025\/01\/aerial-shot-roof-building-with-cars-green-plants-scaled.jpg\" \/>\n\t<meta property=\"og:image:width\" content=\"2560\" \/>\n\t<meta property=\"og:image:height\" content=\"1438\" \/>\n\t<meta property=\"og:image:type\" content=\"image\/jpeg\" \/>\n<meta name=\"author\" content=\"admin\" \/>\n<meta name=\"twitter:card\" content=\"summary_large_image\" \/>\n<meta name=\"twitter:label1\" content=\"Szerz\u0151:\" \/>\n\t<meta name=\"twitter:data1\" content=\"admin\" \/>\n\t<meta name=\"twitter:label2\" content=\"Becs\u00fclt olvas\u00e1si id\u0151\" \/>\n\t<meta name=\"twitter:data2\" content=\"2 perc\" \/>\n<script type=\"application\/ld+json\" class=\"yoast-schema-graph\">{\"@context\":\"https:\\\/\\\/schema.org\",\"@graph\":[{\"@type\":\"Article\",\"@id\":\"https:\\\/\\\/aranybalintingatlan.hu\\\/index.php\\\/2025\\\/01\\\/21\\\/elementor-603\\\/#article\",\"isPartOf\":{\"@id\":\"https:\\\/\\\/aranybalintingatlan.hu\\\/index.php\\\/2025\\\/01\\\/21\\\/elementor-603\\\/\"},\"author\":{\"name\":\"admin\",\"@id\":\"https:\\\/\\\/aranybalintingatlan.hu\\\/#\\\/schema\\\/person\\\/3d3e76b5ab8a6bee3a1c3450d5d49ce1\"},\"headline\":\"\u00c9p\u00edt\u00e9si telkek- hogyan tal\u00e1ld meg a sz\u00e1modra megfelel\u0151t\",\"datePublished\":\"2025-01-21T21:06:34+00:00\",\"dateModified\":\"2025-01-21T21:15:54+00:00\",\"mainEntityOfPage\":{\"@id\":\"https:\\\/\\\/aranybalintingatlan.hu\\\/index.php\\\/2025\\\/01\\\/21\\\/elementor-603\\\/\"},\"wordCount\":527,\"commentCount\":0,\"publisher\":{\"@id\":\"https:\\\/\\\/aranybalintingatlan.hu\\\/#organization\"},\"image\":{\"@id\":\"https:\\\/\\\/aranybalintingatlan.hu\\\/index.php\\\/2025\\\/01\\\/21\\\/elementor-603\\\/#primaryimage\"},\"thumbnailUrl\":\"https:\\\/\\\/aranybalintingatlan.hu\\\/wp-content\\\/uploads\\\/2025\\\/01\\\/aerial-shot-roof-building-with-cars-green-plants-scaled.jpg\",\"articleSection\":[\"Uncategorized\"],\"inLanguage\":\"hu\",\"potentialAction\":[{\"@type\":\"CommentAction\",\"name\":\"Comment\",\"target\":[\"https:\\\/\\\/aranybalintingatlan.hu\\\/index.php\\\/2025\\\/01\\\/21\\\/elementor-603\\\/#respond\"]}]},{\"@type\":\"WebPage\",\"@id\":\"https:\\\/\\\/aranybalintingatlan.hu\\\/index.php\\\/2025\\\/01\\\/21\\\/elementor-603\\\/\",\"url\":\"https:\\\/\\\/aranybalintingatlan.hu\\\/index.php\\\/2025\\\/01\\\/21\\\/elementor-603\\\/\",\"name\":\"\u00c9p\u00edt\u00e9si telkek- hogyan tal\u00e1ld meg a sz\u00e1modra megfelel\u0151t - aranybalintingatlan.hu\",\"isPartOf\":{\"@id\":\"https:\\\/\\\/aranybalintingatlan.hu\\\/#website\"},\"primaryImageOfPage\":{\"@id\":\"https:\\\/\\\/aranybalintingatlan.hu\\\/index.php\\\/2025\\\/01\\\/21\\\/elementor-603\\\/#primaryimage\"},\"image\":{\"@id\":\"https:\\\/\\\/aranybalintingatlan.hu\\\/index.php\\\/2025\\\/01\\\/21\\\/elementor-603\\\/#primaryimage\"},\"thumbnailUrl\":\"https:\\\/\\\/aranybalintingatlan.hu\\\/wp-content\\\/uploads\\\/2025\\\/01\\\/aerial-shot-roof-building-with-cars-green-plants-scaled.jpg\",\"datePublished\":\"2025-01-21T21:06:34+00:00\",\"dateModified\":\"2025-01-21T21:15:54+00:00\",\"breadcrumb\":{\"@id\":\"https:\\\/\\\/aranybalintingatlan.hu\\\/index.php\\\/2025\\\/01\\\/21\\\/elementor-603\\\/#breadcrumb\"},\"inLanguage\":\"hu\",\"potentialAction\":[{\"@type\":\"ReadAction\",\"target\":[\"https:\\\/\\\/aranybalintingatlan.hu\\\/index.php\\\/2025\\\/01\\\/21\\\/elementor-603\\\/\"]}]},{\"@type\":\"ImageObject\",\"inLanguage\":\"hu\",\"@id\":\"https:\\\/\\\/aranybalintingatlan.hu\\\/index.php\\\/2025\\\/01\\\/21\\\/elementor-603\\\/#primaryimage\",\"url\":\"https:\\\/\\\/aranybalintingatlan.hu\\\/wp-content\\\/uploads\\\/2025\\\/01\\\/aerial-shot-roof-building-with-cars-green-plants-scaled.jpg\",\"contentUrl\":\"https:\\\/\\\/aranybalintingatlan.hu\\\/wp-content\\\/uploads\\\/2025\\\/01\\\/aerial-shot-roof-building-with-cars-green-plants-scaled.jpg\",\"width\":2560,\"height\":1438,\"caption\":\"An aerial shot of a roof of a building with cars and green plants\"},{\"@type\":\"BreadcrumbList\",\"@id\":\"https:\\\/\\\/aranybalintingatlan.hu\\\/index.php\\\/2025\\\/01\\\/21\\\/elementor-603\\\/#breadcrumb\",\"itemListElement\":[{\"@type\":\"ListItem\",\"position\":1,\"name\":\"Kezd\u0151lap\",\"item\":\"https:\\\/\\\/aranybalintingatlan.hu\\\/\"},{\"@type\":\"ListItem\",\"position\":2,\"name\":\"\u00c9p\u00edt\u00e9si telkek- hogyan tal\u00e1ld meg a sz\u00e1modra megfelel\u0151t\"}]},{\"@type\":\"WebSite\",\"@id\":\"https:\\\/\\\/aranybalintingatlan.hu\\\/#website\",\"url\":\"https:\\\/\\\/aranybalintingatlan.hu\\\/\",\"name\":\"aranybalintingatlan.hu\",\"description\":\"Ingatlan \u00e9rt\u00e9kes\u00edt\u00e9s \u00e1rgaranci\u00e1val\",\"publisher\":{\"@id\":\"https:\\\/\\\/aranybalintingatlan.hu\\\/#organization\"},\"potentialAction\":[{\"@type\":\"SearchAction\",\"target\":{\"@type\":\"EntryPoint\",\"urlTemplate\":\"https:\\\/\\\/aranybalintingatlan.hu\\\/?s={search_term_string}\"},\"query-input\":{\"@type\":\"PropertyValueSpecification\",\"valueRequired\":true,\"valueName\":\"search_term_string\"}}],\"inLanguage\":\"hu\"},{\"@type\":\"Organization\",\"@id\":\"https:\\\/\\\/aranybalintingatlan.hu\\\/#organization\",\"name\":\"aranybalintingatlan.hu\",\"url\":\"https:\\\/\\\/aranybalintingatlan.hu\\\/\",\"logo\":{\"@type\":\"ImageObject\",\"inLanguage\":\"hu\",\"@id\":\"https:\\\/\\\/aranybalintingatlan.hu\\\/#\\\/schema\\\/logo\\\/image\\\/\",\"url\":\"https:\\\/\\\/aranybalintingatlan.hu\\\/wp-content\\\/uploads\\\/2024\\\/06\\\/AB-logo-arany.png\",\"contentUrl\":\"https:\\\/\\\/aranybalintingatlan.hu\\\/wp-content\\\/uploads\\\/2024\\\/06\\\/AB-logo-arany.png\",\"width\":1772,\"height\":1772,\"caption\":\"aranybalintingatlan.hu\"},\"image\":{\"@id\":\"https:\\\/\\\/aranybalintingatlan.hu\\\/#\\\/schema\\\/logo\\\/image\\\/\"}},{\"@type\":\"Person\",\"@id\":\"https:\\\/\\\/aranybalintingatlan.hu\\\/#\\\/schema\\\/person\\\/3d3e76b5ab8a6bee3a1c3450d5d49ce1\",\"name\":\"admin\",\"image\":{\"@type\":\"ImageObject\",\"inLanguage\":\"hu\",\"@id\":\"https:\\\/\\\/secure.gravatar.com\\\/avatar\\\/87b9e80ae9a108c1e35d1240876122c500b6155eaace58ffa9c1f58afba02b6c?s=96&d=mm&r=g\",\"url\":\"https:\\\/\\\/secure.gravatar.com\\\/avatar\\\/87b9e80ae9a108c1e35d1240876122c500b6155eaace58ffa9c1f58afba02b6c?s=96&d=mm&r=g\",\"contentUrl\":\"https:\\\/\\\/secure.gravatar.com\\\/avatar\\\/87b9e80ae9a108c1e35d1240876122c500b6155eaace58ffa9c1f58afba02b6c?s=96&d=mm&r=g\",\"caption\":\"admin\"},\"sameAs\":[\"https:\\\/\\\/aranybalintingatlan.hu\"],\"url\":\"https:\\\/\\\/aranybalintingatlan.hu\\\/index.php\\\/author\\\/admin\\\/\"}]}<\/script>\n<!-- \/ Yoast SEO plugin. -->","yoast_head_json":{"title":"\u00c9p\u00edt\u00e9si telkek- hogyan tal\u00e1ld meg a sz\u00e1modra megfelel\u0151t - aranybalintingatlan.hu","robots":{"index":"index","follow":"follow","max-snippet":"max-snippet:-1","max-image-preview":"max-image-preview:large","max-video-preview":"max-video-preview:-1"},"canonical":"https:\/\/aranybalintingatlan.hu\/index.php\/2025\/01\/21\/elementor-603\/","og_locale":"hu_HU","og_type":"article","og_title":"\u00c9p\u00edt\u00e9si telkek- hogyan tal\u00e1ld meg a sz\u00e1modra megfelel\u0151t - aranybalintingatlan.hu","og_description":"Mire figyelj\u00fcnk \u00e9p\u00edt\u00e9si telek v\u00e1s\u00e1rl\u00e1sakor? Az \u00faj otthon meg\u00e1lmod\u00e1sa izgalmas folyamat, de az els\u0151 l\u00e9p\u00e9s, a megfelel\u0151 telek kiv\u00e1laszt\u00e1sa alapos tervez\u00e9st ig\u00e9nyel. Sok t\u00e9nyez\u0151t kell figyelembe venn\u00fcnk ahhoz, hogy hossz\u00fa t\u00e1von is megfelel\u0151 v\u00e1laszt\u00e1st hozzunk. Ebben a cikkben \u00e1ttekintj\u00fck azokat a legfontosabb szempontokat, amelyeket \u00e9rdemes szem el\u0151tt tartani. Tulajdoni viszonyok: A kiindul\u00f3pont Az els\u0151 l\u00e9p\u00e9s, [&hellip;]","og_url":"https:\/\/aranybalintingatlan.hu\/index.php\/2025\/01\/21\/elementor-603\/","og_site_name":"aranybalintingatlan.hu","article_published_time":"2025-01-21T21:06:34+00:00","article_modified_time":"2025-01-21T21:15:54+00:00","og_image":[{"width":2560,"height":1438,"url":"https:\/\/aranybalintingatlan.hu\/wp-content\/uploads\/2025\/01\/aerial-shot-roof-building-with-cars-green-plants-scaled.jpg","type":"image\/jpeg"}],"author":"admin","twitter_card":"summary_large_image","twitter_misc":{"Szerz\u0151:":"admin","Becs\u00fclt olvas\u00e1si id\u0151":"2 perc"},"schema":{"@context":"https:\/\/schema.org","@graph":[{"@type":"Article","@id":"https:\/\/aranybalintingatlan.hu\/index.php\/2025\/01\/21\/elementor-603\/#article","isPartOf":{"@id":"https:\/\/aranybalintingatlan.hu\/index.php\/2025\/01\/21\/elementor-603\/"},"author":{"name":"admin","@id":"https:\/\/aranybalintingatlan.hu\/#\/schema\/person\/3d3e76b5ab8a6bee3a1c3450d5d49ce1"},"headline":"\u00c9p\u00edt\u00e9si telkek- hogyan tal\u00e1ld meg a sz\u00e1modra megfelel\u0151t","datePublished":"2025-01-21T21:06:34+00:00","dateModified":"2025-01-21T21:15:54+00:00","mainEntityOfPage":{"@id":"https:\/\/aranybalintingatlan.hu\/index.php\/2025\/01\/21\/elementor-603\/"},"wordCount":527,"commentCount":0,"publisher":{"@id":"https:\/\/aranybalintingatlan.hu\/#organization"},"image":{"@id":"https:\/\/aranybalintingatlan.hu\/index.php\/2025\/01\/21\/elementor-603\/#primaryimage"},"thumbnailUrl":"https:\/\/aranybalintingatlan.hu\/wp-content\/uploads\/2025\/01\/aerial-shot-roof-building-with-cars-green-plants-scaled.jpg","articleSection":["Uncategorized"],"inLanguage":"hu","potentialAction":[{"@type":"CommentAction","name":"Comment","target":["https:\/\/aranybalintingatlan.hu\/index.php\/2025\/01\/21\/elementor-603\/#respond"]}]},{"@type":"WebPage","@id":"https:\/\/aranybalintingatlan.hu\/index.php\/2025\/01\/21\/elementor-603\/","url":"https:\/\/aranybalintingatlan.hu\/index.php\/2025\/01\/21\/elementor-603\/","name":"\u00c9p\u00edt\u00e9si telkek- hogyan tal\u00e1ld meg a sz\u00e1modra megfelel\u0151t - aranybalintingatlan.hu","isPartOf":{"@id":"https:\/\/aranybalintingatlan.hu\/#website"},"primaryImageOfPage":{"@id":"https:\/\/aranybalintingatlan.hu\/index.php\/2025\/01\/21\/elementor-603\/#primaryimage"},"image":{"@id":"https:\/\/aranybalintingatlan.hu\/index.php\/2025\/01\/21\/elementor-603\/#primaryimage"},"thumbnailUrl":"https:\/\/aranybalintingatlan.hu\/wp-content\/uploads\/2025\/01\/aerial-shot-roof-building-with-cars-green-plants-scaled.jpg","datePublished":"2025-01-21T21:06:34+00:00","dateModified":"2025-01-21T21:15:54+00:00","breadcrumb":{"@id":"https:\/\/aranybalintingatlan.hu\/index.php\/2025\/01\/21\/elementor-603\/#breadcrumb"},"inLanguage":"hu","potentialAction":[{"@type":"ReadAction","target":["https:\/\/aranybalintingatlan.hu\/index.php\/2025\/01\/21\/elementor-603\/"]}]},{"@type":"ImageObject","inLanguage":"hu","@id":"https:\/\/aranybalintingatlan.hu\/index.php\/2025\/01\/21\/elementor-603\/#primaryimage","url":"https:\/\/aranybalintingatlan.hu\/wp-content\/uploads\/2025\/01\/aerial-shot-roof-building-with-cars-green-plants-scaled.jpg","contentUrl":"https:\/\/aranybalintingatlan.hu\/wp-content\/uploads\/2025\/01\/aerial-shot-roof-building-with-cars-green-plants-scaled.jpg","width":2560,"height":1438,"caption":"An aerial shot of a roof of a building with cars and green plants"},{"@type":"BreadcrumbList","@id":"https:\/\/aranybalintingatlan.hu\/index.php\/2025\/01\/21\/elementor-603\/#breadcrumb","itemListElement":[{"@type":"ListItem","position":1,"name":"Kezd\u0151lap","item":"https:\/\/aranybalintingatlan.hu\/"},{"@type":"ListItem","position":2,"name":"\u00c9p\u00edt\u00e9si telkek- hogyan tal\u00e1ld meg a sz\u00e1modra megfelel\u0151t"}]},{"@type":"WebSite","@id":"https:\/\/aranybalintingatlan.hu\/#website","url":"https:\/\/aranybalintingatlan.hu\/","name":"aranybalintingatlan.hu","description":"Ingatlan \u00e9rt\u00e9kes\u00edt\u00e9s \u00e1rgaranci\u00e1val","publisher":{"@id":"https:\/\/aranybalintingatlan.hu\/#organization"},"potentialAction":[{"@type":"SearchAction","target":{"@type":"EntryPoint","urlTemplate":"https:\/\/aranybalintingatlan.hu\/?s={search_term_string}"},"query-input":{"@type":"PropertyValueSpecification","valueRequired":true,"valueName":"search_term_string"}}],"inLanguage":"hu"},{"@type":"Organization","@id":"https:\/\/aranybalintingatlan.hu\/#organization","name":"aranybalintingatlan.hu","url":"https:\/\/aranybalintingatlan.hu\/","logo":{"@type":"ImageObject","inLanguage":"hu","@id":"https:\/\/aranybalintingatlan.hu\/#\/schema\/logo\/image\/","url":"https:\/\/aranybalintingatlan.hu\/wp-content\/uploads\/2024\/06\/AB-logo-arany.png","contentUrl":"https:\/\/aranybalintingatlan.hu\/wp-content\/uploads\/2024\/06\/AB-logo-arany.png","width":1772,"height":1772,"caption":"aranybalintingatlan.hu"},"image":{"@id":"https:\/\/aranybalintingatlan.hu\/#\/schema\/logo\/image\/"}},{"@type":"Person","@id":"https:\/\/aranybalintingatlan.hu\/#\/schema\/person\/3d3e76b5ab8a6bee3a1c3450d5d49ce1","name":"admin","image":{"@type":"ImageObject","inLanguage":"hu","@id":"https:\/\/secure.gravatar.com\/avatar\/87b9e80ae9a108c1e35d1240876122c500b6155eaace58ffa9c1f58afba02b6c?s=96&d=mm&r=g","url":"https:\/\/secure.gravatar.com\/avatar\/87b9e80ae9a108c1e35d1240876122c500b6155eaace58ffa9c1f58afba02b6c?s=96&d=mm&r=g","contentUrl":"https:\/\/secure.gravatar.com\/avatar\/87b9e80ae9a108c1e35d1240876122c500b6155eaace58ffa9c1f58afba02b6c?s=96&d=mm&r=g","caption":"admin"},"sameAs":["https:\/\/aranybalintingatlan.hu"],"url":"https:\/\/aranybalintingatlan.hu\/index.php\/author\/admin\/"}]}},"rttpg_featured_image_url":{"full":["https:\/\/aranybalintingatlan.hu\/wp-content\/uploads\/2025\/01\/aerial-shot-roof-building-with-cars-green-plants-scaled.jpg",2560,1438,false],"landscape":["https:\/\/aranybalintingatlan.hu\/wp-content\/uploads\/2025\/01\/aerial-shot-roof-building-with-cars-green-plants-scaled.jpg",2560,1438,false],"portraits":["https:\/\/aranybalintingatlan.hu\/wp-content\/uploads\/2025\/01\/aerial-shot-roof-building-with-cars-green-plants-scaled.jpg",2560,1438,false],"thumbnail":["https:\/\/aranybalintingatlan.hu\/wp-content\/uploads\/2025\/01\/aerial-shot-roof-building-with-cars-green-plants-150x150.jpg",150,150,true],"medium":["https:\/\/aranybalintingatlan.hu\/wp-content\/uploads\/2025\/01\/aerial-shot-roof-building-with-cars-green-plants-300x168.jpg",300,168,true],"large":["https:\/\/aranybalintingatlan.hu\/wp-content\/uploads\/2025\/01\/aerial-shot-roof-building-with-cars-green-plants-1024x575.jpg",800,449,true],"1536x1536":["https:\/\/aranybalintingatlan.hu\/wp-content\/uploads\/2025\/01\/aerial-shot-roof-building-with-cars-green-plants-1536x863.jpg",1536,863,true],"2048x2048":["https:\/\/aranybalintingatlan.hu\/wp-content\/uploads\/2025\/01\/aerial-shot-roof-building-with-cars-green-plants-2048x1150.jpg",2048,1150,true]},"rttpg_author":{"display_name":"admin","author_link":"https:\/\/aranybalintingatlan.hu\/index.php\/author\/admin\/"},"rttpg_comment":0,"rttpg_category":"<a href=\"https:\/\/aranybalintingatlan.hu\/index.php\/category\/uncategorized\/\" rel=\"category tag\">Uncategorized<\/a>","rttpg_excerpt":"Mire figyelj\u00fcnk \u00e9p\u00edt\u00e9si telek v\u00e1s\u00e1rl\u00e1sakor? Az \u00faj otthon meg\u00e1lmod\u00e1sa izgalmas folyamat, de az els\u0151 l\u00e9p\u00e9s, a megfelel\u0151 telek kiv\u00e1laszt\u00e1sa alapos tervez\u00e9st ig\u00e9nyel. Sok t\u00e9nyez\u0151t kell figyelembe venn\u00fcnk ahhoz, hogy hossz\u00fa t\u00e1von is megfelel\u0151 v\u00e1laszt\u00e1st hozzunk. Ebben a cikkben \u00e1ttekintj\u00fck azokat a legfontosabb szempontokat, amelyeket \u00e9rdemes szem el\u0151tt tartani. Tulajdoni viszonyok: A kiindul\u00f3pont Az els\u0151 l\u00e9p\u00e9s,&hellip;","_links":{"self":[{"href":"https:\/\/aranybalintingatlan.hu\/index.php\/wp-json\/wp\/v2\/posts\/603","targetHints":{"allow":["GET"]}}],"collection":[{"href":"https:\/\/aranybalintingatlan.hu\/index.php\/wp-json\/wp\/v2\/posts"}],"about":[{"href":"https:\/\/aranybalintingatlan.hu\/index.php\/wp-json\/wp\/v2\/types\/post"}],"author":[{"embeddable":true,"href":"https:\/\/aranybalintingatlan.hu\/index.php\/wp-json\/wp\/v2\/users\/1"}],"replies":[{"embeddable":true,"href":"https:\/\/aranybalintingatlan.hu\/index.php\/wp-json\/wp\/v2\/comments?post=603"}],"version-history":[{"count":11,"href":"https:\/\/aranybalintingatlan.hu\/index.php\/wp-json\/wp\/v2\/posts\/603\/revisions"}],"predecessor-version":[{"id":615,"href":"https:\/\/aranybalintingatlan.hu\/index.php\/wp-json\/wp\/v2\/posts\/603\/revisions\/615"}],"wp:featuredmedia":[{"embeddable":true,"href":"https:\/\/aranybalintingatlan.hu\/index.php\/wp-json\/wp\/v2\/media\/609"}],"wp:attachment":[{"href":"https:\/\/aranybalintingatlan.hu\/index.php\/wp-json\/wp\/v2\/media?parent=603"}],"wp:term":[{"taxonomy":"category","embeddable":true,"href":"https:\/\/aranybalintingatlan.hu\/index.php\/wp-json\/wp\/v2\/categories?post=603"},{"taxonomy":"post_tag","embeddable":true,"href":"https:\/\/aranybalintingatlan.hu\/index.php\/wp-json\/wp\/v2\/tags?post=603"}],"curies":[{"name":"wp","href":"https:\/\/api.w.org\/{rel}","templated":true}]}}