{"id":617,"date":"2025-01-22T10:32:52","date_gmt":"2025-01-22T10:32:52","guid":{"rendered":"https:\/\/aranybalintingatlan.hu\/?p=617"},"modified":"2025-01-22T10:41:08","modified_gmt":"2025-01-22T10:41:08","slug":"miert-erdemes-alaposan-atgondolni-egy-erdi-telket","status":"publish","type":"post","link":"https:\/\/aranybalintingatlan.hu\/index.php\/2025\/01\/22\/miert-erdemes-alaposan-atgondolni-egy-erdi-telket\/","title":{"rendered":"Mi\u00e9rt \u00e9rdemes alaposan \u00e1tgondolni egy \u00e9rdi telket?"},"content":{"rendered":"\t\t<div data-elementor-type=\"wp-post\" data-elementor-id=\"617\" class=\"elementor elementor-617\" data-elementor-post-type=\"post\">\n\t\t\t\t<div class=\"elementor-element elementor-element-e55ce12 e-flex e-con-boxed e-con e-parent\" data-id=\"e55ce12\" data-element_type=\"container\" data-e-type=\"container\">\n\t\t\t\t\t<div class=\"e-con-inner\">\n\t\t\t\t<div class=\"elementor-element elementor-element-c88faf6 elementor-widget elementor-widget-text-editor\" data-id=\"c88faf6\" data-element_type=\"widget\" data-e-type=\"widget\" data-widget_type=\"text-editor.default\">\n\t\t\t\t<div class=\"elementor-widget-container\">\n\t\t\t\t\t\t\t\t\t<h6>\u00c9rd, mint Budapest k\u00f6zels\u00e9g\u00e9ben fekv\u0151 telep\u00fcl\u00e9s, vonz\u00f3 lehet\u0151s\u00e9gnek t\u0171nhet azok sz\u00e1m\u00e1ra, akik saj\u00e1t otthon \u00e9p\u00edt\u00e9s\u00e9r\u0151l \u00e1lmodoznak. Azonban, miel\u0151tt d\u00f6nt\u00e9st hozn\u00e1nk, \u00e9rdemes alaposan k\u00f6r\u00fclj\u00e1rni a k\u00e9rd\u00e9st, \u00e9s t\u00f6bb szempontb\u00f3l megvizsg\u00e1lni a helyzetet.<\/h6>\t\t\t\t\t\t\t\t<\/div>\n\t\t\t\t<\/div>\n\t\t\t\t<div class=\"elementor-element elementor-element-a7804ca elementor-widget elementor-widget-text-editor\" data-id=\"a7804ca\" data-element_type=\"widget\" data-e-type=\"widget\" data-widget_type=\"text-editor.default\">\n\t\t\t\t<div class=\"elementor-widget-container\">\n\t\t\t\t\t\t\t\t\t<p data-sourcepos=\"5:1-5:54\"><strong>Mi\u00e9rt lehetnek fenntart\u00e1saink \u00c9rddel kapcsolatban?<\/strong><\/p><ul data-sourcepos=\"7:1-12:0\"><li data-sourcepos=\"7:1-7:316\"><strong>\u00c9p\u00edt\u00e9si szab\u00e1lyzatok \u00e9s korl\u00e1toz\u00e1sok:<\/strong> \u00c9rd, mint sok m\u00e1s telep\u00fcl\u00e9s, rendelkezik r\u00e9szletes \u00e9p\u00edt\u00e9si szab\u00e1lyzattal, amely sz\u00e1mos korl\u00e1toz\u00e1st tartalmazhat a be\u00e9p\u00edthet\u0151s\u00e9gre, a magass\u00e1gra, az \u00e9p\u00fclet form\u00e1j\u00e1ra vonatkoz\u00f3an. Ezek a szab\u00e1lyok id\u0151r\u0151l id\u0151re v\u00e1ltozhatnak, \u00edgy fontos t\u00e1j\u00e9koz\u00f3dni a legfrissebb el\u0151\u00edr\u00e1sokr\u00f3l.<\/li><li data-sourcepos=\"8:1-8:238\"><strong>Talajviszonyok:<\/strong> \u00c9rd ter\u00fclet\u00e9n v\u00e1ltozatosak a talajviszonyok, ami hat\u00e1ssal lehet az \u00e9p\u00edtkez\u00e9s k\u00f6lts\u00e9geire \u00e9s a kivitelez\u00e9sre. N\u00e9h\u00e1ny ter\u00fcleten p\u00e9ld\u00e1ul magasabb a talajv\u00edzszint, vagy gyenge a talaj, ami speci\u00e1lis alap\u00edt\u00e1st ig\u00e9nyelhet.<\/li><li data-sourcepos=\"9:1-9:199\"><strong>K\u00f6zleked\u00e9s:<\/strong> B\u00e1r \u00c9rd j\u00f3l megk\u00f6zel\u00edthet\u0151 Budapestr\u0151l, a cs\u00facsforgalomban jelent\u0151s torl\u00f3d\u00e1sok alakulhatnak ki. Emellett a telep\u00fcl\u00e9s egyes r\u00e9szein a t\u00f6megk\u00f6zleked\u00e9s fejleszt\u00e9se m\u00e9g nem teljes k\u00f6r\u0171.<\/li><li data-sourcepos=\"10:1-10:203\"><strong>K\u00f6rnyezeti t\u00e9nyez\u0151k:<\/strong> \u00c9rd k\u00f6rny\u00e9k\u00e9n vannak ipari ter\u00fcletek \u00e9s forgalmas utak, amelyek zaj- \u00e9s leveg\u0151szennyez\u00e9st okozhatnak. \u00c9rdemes t\u00e1j\u00e9koz\u00f3dni az adott telek k\u00f6rnyezet\u00e9r\u0151l, miel\u0151tt d\u00f6nt\u00e9st hozn\u00e1nk.<\/li><li data-sourcepos=\"11:1-12:0\"><strong>\u00c1rak:<\/strong> Az \u00e9rdi ingatlan\u00e1rak az elm\u00falt \u00e9vekben jelent\u0151sen emelkedtek, \u00e9s a f\u0151v\u00e1ros k\u00f6zels\u00e9ge miatt tov\u00e1bbra is magasak. Fontos \u00f6sszehasonl\u00edtani az \u00e1rakat m\u00e1s, hasonl\u00f3 fekv\u00e9s\u0171 telep\u00fcl\u00e9sekkel.<\/li><\/ul><p data-sourcepos=\"13:1-13:61\">\u00a0<\/p><p data-sourcepos=\"13:1-13:61\"><strong>Mit \u00e9rdemes figyelembe venni egy \u00e9rdi telek v\u00e1s\u00e1rl\u00e1sakor?<\/strong><\/p><ul data-sourcepos=\"15:1-19:0\"><li data-sourcepos=\"15:1-15:183\"><strong>Alapos helysz\u00edni szemle:<\/strong> Miel\u0151tt szerz\u0151d\u00fcnk, mindenk\u00e9ppen j\u00e1rjuk be a telket \u00e9s a k\u00f6rny\u00e9k\u00e9t, figyelj\u00fcnk a talajviszonyokra, a k\u00f6rnyezeti t\u00e9nyez\u0151kre, a k\u00f6zleked\u00e9si lehet\u0151s\u00e9gekre.<\/li><li data-sourcepos=\"16:1-16:115\"><strong>\u00c9p\u00edt\u00e9si enged\u00e9ly:<\/strong> T\u00e1j\u00e9koz\u00f3djunk az \u00e9p\u00edt\u00e9si enged\u00e9ly kiad\u00e1s\u00e1nak felt\u00e9teleir\u0151l, a hat\u00f3s\u00e1gi elj\u00e1r\u00e1sok menet\u00e9r\u0151l.<\/li><li data-sourcepos=\"17:1-17:107\"><strong>Szak\u00e9rt\u0151i v\u00e9lem\u00e9ny:<\/strong> K\u00e9rj\u00fcnk be szak\u00e9rt\u0151i v\u00e9lem\u00e9nyt a telekr\u0151l, a talajr\u00f3l, az \u00e9p\u00edt\u00e9si lehet\u0151s\u00e9gekr\u0151l.<\/li><li data-sourcepos=\"18:1-19:0\"><strong>Jogi tan\u00e1csad\u00e1s:<\/strong> Egy \u00fcgyv\u00e9d seg\u00edts\u00e9g\u00e9vel ellen\u0151rizz\u00fck a telek tulajdoni lapj\u00e1t, a szerz\u0151d\u00e9st, \u00e9s j\u00e1rjunk ut\u00e1na minden olyan k\u00e9rd\u00e9snek, ami benn\u00fcnket foglalkoztat.<\/li><\/ul><p>\u00a0<\/p><p>Luxusingatlanok \u00e9s \u00e9p\u00edt\u00e9si telkek szak\u00e9rt\u0151jek\u00e9nt keress bizalommal a megfelel\u0151 \u00e9p\u00edt\u00e9si telek kiv\u00e1laszt\u00e1s\u00e1ban is!<\/p><p data-sourcepos=\"20:1-20:13\">\u00a0<\/p>\t\t\t\t\t\t\t\t<\/div>\n\t\t\t\t<\/div>\n\t\t\t\t\t<\/div>\n\t\t\t\t<\/div>\n\t\t\t\t<\/div>\n\t\t","protected":false},"excerpt":{"rendered":"<p>\u00c9rd, mint Budapest k\u00f6zels\u00e9g\u00e9ben fekv\u0151 telep\u00fcl\u00e9s, vonz\u00f3 lehet\u0151s\u00e9gnek t\u0171nhet azok sz\u00e1m\u00e1ra, akik saj\u00e1t otthon \u00e9p\u00edt\u00e9s\u00e9r\u0151l \u00e1lmodoznak. Azonban, miel\u0151tt d\u00f6nt\u00e9st hozn\u00e1nk, \u00e9rdemes alaposan k\u00f6r\u00fclj\u00e1rni a k\u00e9rd\u00e9st, \u00e9s t\u00f6bb szempontb\u00f3l megvizsg\u00e1lni a helyzetet. Mi\u00e9rt lehetnek fenntart\u00e1saink \u00c9rddel kapcsolatban? \u00c9p\u00edt\u00e9si szab\u00e1lyzatok \u00e9s korl\u00e1toz\u00e1sok: \u00c9rd, mint sok m\u00e1s telep\u00fcl\u00e9s, rendelkezik r\u00e9szletes \u00e9p\u00edt\u00e9si szab\u00e1lyzattal, amely sz\u00e1mos korl\u00e1toz\u00e1st tartalmazhat a be\u00e9p\u00edthet\u0151s\u00e9gre, [&hellip;]<\/p>\n","protected":false},"author":1,"featured_media":620,"comment_status":"open","ping_status":"closed","sticky":false,"template":"","format":"standard","meta":{"footnotes":""},"categories":[11],"tags":[],"class_list":["post-617","post","type-post","status-publish","format-standard","has-post-thumbnail","hentry","category-erpitesi-telkek"],"yoast_head":"<!-- This site is optimized with the Yoast SEO plugin v27.5 - https:\/\/yoast.com\/product\/yoast-seo-wordpress\/ -->\n<title>Mi\u00e9rt \u00e9rdemes alaposan \u00e1tgondolni egy \u00e9rdi telket? - aranybalintingatlan.hu<\/title>\n<meta name=\"robots\" content=\"index, follow, max-snippet:-1, max-image-preview:large, max-video-preview:-1\" \/>\n<link rel=\"canonical\" href=\"https:\/\/aranybalintingatlan.hu\/index.php\/2025\/01\/22\/miert-erdemes-alaposan-atgondolni-egy-erdi-telket\/\" \/>\n<meta property=\"og:locale\" content=\"hu_HU\" \/>\n<meta property=\"og:type\" content=\"article\" \/>\n<meta property=\"og:title\" content=\"Mi\u00e9rt \u00e9rdemes alaposan \u00e1tgondolni egy \u00e9rdi telket? - aranybalintingatlan.hu\" \/>\n<meta property=\"og:description\" content=\"\u00c9rd, mint Budapest k\u00f6zels\u00e9g\u00e9ben fekv\u0151 telep\u00fcl\u00e9s, vonz\u00f3 lehet\u0151s\u00e9gnek t\u0171nhet azok sz\u00e1m\u00e1ra, akik saj\u00e1t otthon \u00e9p\u00edt\u00e9s\u00e9r\u0151l \u00e1lmodoznak. Azonban, miel\u0151tt d\u00f6nt\u00e9st hozn\u00e1nk, \u00e9rdemes alaposan k\u00f6r\u00fclj\u00e1rni a k\u00e9rd\u00e9st, \u00e9s t\u00f6bb szempontb\u00f3l megvizsg\u00e1lni a helyzetet. Mi\u00e9rt lehetnek fenntart\u00e1saink \u00c9rddel kapcsolatban? \u00c9p\u00edt\u00e9si szab\u00e1lyzatok \u00e9s korl\u00e1toz\u00e1sok: \u00c9rd, mint sok m\u00e1s telep\u00fcl\u00e9s, rendelkezik r\u00e9szletes \u00e9p\u00edt\u00e9si szab\u00e1lyzattal, amely sz\u00e1mos korl\u00e1toz\u00e1st tartalmazhat a be\u00e9p\u00edthet\u0151s\u00e9gre, [&hellip;]\" \/>\n<meta property=\"og:url\" content=\"https:\/\/aranybalintingatlan.hu\/index.php\/2025\/01\/22\/miert-erdemes-alaposan-atgondolni-egy-erdi-telket\/\" \/>\n<meta property=\"og:site_name\" content=\"aranybalintingatlan.hu\" \/>\n<meta property=\"article:published_time\" content=\"2025-01-22T10:32:52+00:00\" \/>\n<meta property=\"article:modified_time\" content=\"2025-01-22T10:41:08+00:00\" \/>\n<meta property=\"og:image\" content=\"https:\/\/aranybalintingatlan.hu\/wp-content\/uploads\/2025\/01\/old-cathedral-surrounded-by-lush-green-nature-generated-by-ai-scaled.jpg\" \/>\n\t<meta property=\"og:image:width\" content=\"2560\" \/>\n\t<meta property=\"og:image:height\" content=\"1463\" \/>\n\t<meta property=\"og:image:type\" content=\"image\/jpeg\" \/>\n<meta name=\"author\" content=\"admin\" \/>\n<meta name=\"twitter:card\" content=\"summary_large_image\" \/>\n<meta name=\"twitter:label1\" content=\"Szerz\u0151:\" \/>\n\t<meta name=\"twitter:data1\" content=\"admin\" \/>\n\t<meta name=\"twitter:label2\" content=\"Becs\u00fclt olvas\u00e1si id\u0151\" \/>\n\t<meta name=\"twitter:data2\" content=\"2 perc\" \/>\n<script type=\"application\/ld+json\" class=\"yoast-schema-graph\">{\"@context\":\"https:\\\/\\\/schema.org\",\"@graph\":[{\"@type\":\"Article\",\"@id\":\"https:\\\/\\\/aranybalintingatlan.hu\\\/index.php\\\/2025\\\/01\\\/22\\\/miert-erdemes-alaposan-atgondolni-egy-erdi-telket\\\/#article\",\"isPartOf\":{\"@id\":\"https:\\\/\\\/aranybalintingatlan.hu\\\/index.php\\\/2025\\\/01\\\/22\\\/miert-erdemes-alaposan-atgondolni-egy-erdi-telket\\\/\"},\"author\":{\"name\":\"admin\",\"@id\":\"https:\\\/\\\/aranybalintingatlan.hu\\\/#\\\/schema\\\/person\\\/3d3e76b5ab8a6bee3a1c3450d5d49ce1\"},\"headline\":\"Mi\u00e9rt \u00e9rdemes alaposan \u00e1tgondolni egy \u00e9rdi telket?\",\"datePublished\":\"2025-01-22T10:32:52+00:00\",\"dateModified\":\"2025-01-22T10:41:08+00:00\",\"mainEntityOfPage\":{\"@id\":\"https:\\\/\\\/aranybalintingatlan.hu\\\/index.php\\\/2025\\\/01\\\/22\\\/miert-erdemes-alaposan-atgondolni-egy-erdi-telket\\\/\"},\"wordCount\":489,\"commentCount\":0,\"publisher\":{\"@id\":\"https:\\\/\\\/aranybalintingatlan.hu\\\/#organization\"},\"image\":{\"@id\":\"https:\\\/\\\/aranybalintingatlan.hu\\\/index.php\\\/2025\\\/01\\\/22\\\/miert-erdemes-alaposan-atgondolni-egy-erdi-telket\\\/#primaryimage\"},\"thumbnailUrl\":\"https:\\\/\\\/aranybalintingatlan.hu\\\/wp-content\\\/uploads\\\/2025\\\/01\\\/old-cathedral-surrounded-by-lush-green-nature-generated-by-ai-scaled.jpg\",\"articleSection\":[\"\u00c9p\u00edt\u00e9si telkek\"],\"inLanguage\":\"hu\",\"potentialAction\":[{\"@type\":\"CommentAction\",\"name\":\"Comment\",\"target\":[\"https:\\\/\\\/aranybalintingatlan.hu\\\/index.php\\\/2025\\\/01\\\/22\\\/miert-erdemes-alaposan-atgondolni-egy-erdi-telket\\\/#respond\"]}]},{\"@type\":\"WebPage\",\"@id\":\"https:\\\/\\\/aranybalintingatlan.hu\\\/index.php\\\/2025\\\/01\\\/22\\\/miert-erdemes-alaposan-atgondolni-egy-erdi-telket\\\/\",\"url\":\"https:\\\/\\\/aranybalintingatlan.hu\\\/index.php\\\/2025\\\/01\\\/22\\\/miert-erdemes-alaposan-atgondolni-egy-erdi-telket\\\/\",\"name\":\"Mi\u00e9rt \u00e9rdemes alaposan \u00e1tgondolni egy \u00e9rdi telket? - aranybalintingatlan.hu\",\"isPartOf\":{\"@id\":\"https:\\\/\\\/aranybalintingatlan.hu\\\/#website\"},\"primaryImageOfPage\":{\"@id\":\"https:\\\/\\\/aranybalintingatlan.hu\\\/index.php\\\/2025\\\/01\\\/22\\\/miert-erdemes-alaposan-atgondolni-egy-erdi-telket\\\/#primaryimage\"},\"image\":{\"@id\":\"https:\\\/\\\/aranybalintingatlan.hu\\\/index.php\\\/2025\\\/01\\\/22\\\/miert-erdemes-alaposan-atgondolni-egy-erdi-telket\\\/#primaryimage\"},\"thumbnailUrl\":\"https:\\\/\\\/aranybalintingatlan.hu\\\/wp-content\\\/uploads\\\/2025\\\/01\\\/old-cathedral-surrounded-by-lush-green-nature-generated-by-ai-scaled.jpg\",\"datePublished\":\"2025-01-22T10:32:52+00:00\",\"dateModified\":\"2025-01-22T10:41:08+00:00\",\"breadcrumb\":{\"@id\":\"https:\\\/\\\/aranybalintingatlan.hu\\\/index.php\\\/2025\\\/01\\\/22\\\/miert-erdemes-alaposan-atgondolni-egy-erdi-telket\\\/#breadcrumb\"},\"inLanguage\":\"hu\",\"potentialAction\":[{\"@type\":\"ReadAction\",\"target\":[\"https:\\\/\\\/aranybalintingatlan.hu\\\/index.php\\\/2025\\\/01\\\/22\\\/miert-erdemes-alaposan-atgondolni-egy-erdi-telket\\\/\"]}]},{\"@type\":\"ImageObject\",\"inLanguage\":\"hu\",\"@id\":\"https:\\\/\\\/aranybalintingatlan.hu\\\/index.php\\\/2025\\\/01\\\/22\\\/miert-erdemes-alaposan-atgondolni-egy-erdi-telket\\\/#primaryimage\",\"url\":\"https:\\\/\\\/aranybalintingatlan.hu\\\/wp-content\\\/uploads\\\/2025\\\/01\\\/old-cathedral-surrounded-by-lush-green-nature-generated-by-ai-scaled.jpg\",\"contentUrl\":\"https:\\\/\\\/aranybalintingatlan.hu\\\/wp-content\\\/uploads\\\/2025\\\/01\\\/old-cathedral-surrounded-by-lush-green-nature-generated-by-ai-scaled.jpg\",\"width\":2560,\"height\":1463,\"caption\":\"\u00c9p\u00edt\u00e9si telek\"},{\"@type\":\"BreadcrumbList\",\"@id\":\"https:\\\/\\\/aranybalintingatlan.hu\\\/index.php\\\/2025\\\/01\\\/22\\\/miert-erdemes-alaposan-atgondolni-egy-erdi-telket\\\/#breadcrumb\",\"itemListElement\":[{\"@type\":\"ListItem\",\"position\":1,\"name\":\"Kezd\u0151lap\",\"item\":\"https:\\\/\\\/aranybalintingatlan.hu\\\/\"},{\"@type\":\"ListItem\",\"position\":2,\"name\":\"Mi\u00e9rt \u00e9rdemes alaposan \u00e1tgondolni egy \u00e9rdi telket?\"}]},{\"@type\":\"WebSite\",\"@id\":\"https:\\\/\\\/aranybalintingatlan.hu\\\/#website\",\"url\":\"https:\\\/\\\/aranybalintingatlan.hu\\\/\",\"name\":\"aranybalintingatlan.hu\",\"description\":\"Ingatlan \u00e9rt\u00e9kes\u00edt\u00e9s \u00e1rgaranci\u00e1val\",\"publisher\":{\"@id\":\"https:\\\/\\\/aranybalintingatlan.hu\\\/#organization\"},\"potentialAction\":[{\"@type\":\"SearchAction\",\"target\":{\"@type\":\"EntryPoint\",\"urlTemplate\":\"https:\\\/\\\/aranybalintingatlan.hu\\\/?s={search_term_string}\"},\"query-input\":{\"@type\":\"PropertyValueSpecification\",\"valueRequired\":true,\"valueName\":\"search_term_string\"}}],\"inLanguage\":\"hu\"},{\"@type\":\"Organization\",\"@id\":\"https:\\\/\\\/aranybalintingatlan.hu\\\/#organization\",\"name\":\"aranybalintingatlan.hu\",\"url\":\"https:\\\/\\\/aranybalintingatlan.hu\\\/\",\"logo\":{\"@type\":\"ImageObject\",\"inLanguage\":\"hu\",\"@id\":\"https:\\\/\\\/aranybalintingatlan.hu\\\/#\\\/schema\\\/logo\\\/image\\\/\",\"url\":\"https:\\\/\\\/aranybalintingatlan.hu\\\/wp-content\\\/uploads\\\/2024\\\/06\\\/AB-logo-arany.png\",\"contentUrl\":\"https:\\\/\\\/aranybalintingatlan.hu\\\/wp-content\\\/uploads\\\/2024\\\/06\\\/AB-logo-arany.png\",\"width\":1772,\"height\":1772,\"caption\":\"aranybalintingatlan.hu\"},\"image\":{\"@id\":\"https:\\\/\\\/aranybalintingatlan.hu\\\/#\\\/schema\\\/logo\\\/image\\\/\"}},{\"@type\":\"Person\",\"@id\":\"https:\\\/\\\/aranybalintingatlan.hu\\\/#\\\/schema\\\/person\\\/3d3e76b5ab8a6bee3a1c3450d5d49ce1\",\"name\":\"admin\",\"image\":{\"@type\":\"ImageObject\",\"inLanguage\":\"hu\",\"@id\":\"https:\\\/\\\/secure.gravatar.com\\\/avatar\\\/87b9e80ae9a108c1e35d1240876122c500b6155eaace58ffa9c1f58afba02b6c?s=96&d=mm&r=g\",\"url\":\"https:\\\/\\\/secure.gravatar.com\\\/avatar\\\/87b9e80ae9a108c1e35d1240876122c500b6155eaace58ffa9c1f58afba02b6c?s=96&d=mm&r=g\",\"contentUrl\":\"https:\\\/\\\/secure.gravatar.com\\\/avatar\\\/87b9e80ae9a108c1e35d1240876122c500b6155eaace58ffa9c1f58afba02b6c?s=96&d=mm&r=g\",\"caption\":\"admin\"},\"sameAs\":[\"https:\\\/\\\/aranybalintingatlan.hu\"],\"url\":\"https:\\\/\\\/aranybalintingatlan.hu\\\/index.php\\\/author\\\/admin\\\/\"}]}<\/script>\n<!-- \/ Yoast SEO plugin. -->","yoast_head_json":{"title":"Mi\u00e9rt \u00e9rdemes alaposan \u00e1tgondolni egy \u00e9rdi telket? - aranybalintingatlan.hu","robots":{"index":"index","follow":"follow","max-snippet":"max-snippet:-1","max-image-preview":"max-image-preview:large","max-video-preview":"max-video-preview:-1"},"canonical":"https:\/\/aranybalintingatlan.hu\/index.php\/2025\/01\/22\/miert-erdemes-alaposan-atgondolni-egy-erdi-telket\/","og_locale":"hu_HU","og_type":"article","og_title":"Mi\u00e9rt \u00e9rdemes alaposan \u00e1tgondolni egy \u00e9rdi telket? - aranybalintingatlan.hu","og_description":"\u00c9rd, mint Budapest k\u00f6zels\u00e9g\u00e9ben fekv\u0151 telep\u00fcl\u00e9s, vonz\u00f3 lehet\u0151s\u00e9gnek t\u0171nhet azok sz\u00e1m\u00e1ra, akik saj\u00e1t otthon \u00e9p\u00edt\u00e9s\u00e9r\u0151l \u00e1lmodoznak. Azonban, miel\u0151tt d\u00f6nt\u00e9st hozn\u00e1nk, \u00e9rdemes alaposan k\u00f6r\u00fclj\u00e1rni a k\u00e9rd\u00e9st, \u00e9s t\u00f6bb szempontb\u00f3l megvizsg\u00e1lni a helyzetet. Mi\u00e9rt lehetnek fenntart\u00e1saink \u00c9rddel kapcsolatban? \u00c9p\u00edt\u00e9si szab\u00e1lyzatok \u00e9s korl\u00e1toz\u00e1sok: \u00c9rd, mint sok m\u00e1s telep\u00fcl\u00e9s, rendelkezik r\u00e9szletes \u00e9p\u00edt\u00e9si szab\u00e1lyzattal, amely sz\u00e1mos korl\u00e1toz\u00e1st tartalmazhat a be\u00e9p\u00edthet\u0151s\u00e9gre, [&hellip;]","og_url":"https:\/\/aranybalintingatlan.hu\/index.php\/2025\/01\/22\/miert-erdemes-alaposan-atgondolni-egy-erdi-telket\/","og_site_name":"aranybalintingatlan.hu","article_published_time":"2025-01-22T10:32:52+00:00","article_modified_time":"2025-01-22T10:41:08+00:00","og_image":[{"width":2560,"height":1463,"url":"https:\/\/aranybalintingatlan.hu\/wp-content\/uploads\/2025\/01\/old-cathedral-surrounded-by-lush-green-nature-generated-by-ai-scaled.jpg","type":"image\/jpeg"}],"author":"admin","twitter_card":"summary_large_image","twitter_misc":{"Szerz\u0151:":"admin","Becs\u00fclt olvas\u00e1si id\u0151":"2 perc"},"schema":{"@context":"https:\/\/schema.org","@graph":[{"@type":"Article","@id":"https:\/\/aranybalintingatlan.hu\/index.php\/2025\/01\/22\/miert-erdemes-alaposan-atgondolni-egy-erdi-telket\/#article","isPartOf":{"@id":"https:\/\/aranybalintingatlan.hu\/index.php\/2025\/01\/22\/miert-erdemes-alaposan-atgondolni-egy-erdi-telket\/"},"author":{"name":"admin","@id":"https:\/\/aranybalintingatlan.hu\/#\/schema\/person\/3d3e76b5ab8a6bee3a1c3450d5d49ce1"},"headline":"Mi\u00e9rt \u00e9rdemes alaposan \u00e1tgondolni egy \u00e9rdi telket?","datePublished":"2025-01-22T10:32:52+00:00","dateModified":"2025-01-22T10:41:08+00:00","mainEntityOfPage":{"@id":"https:\/\/aranybalintingatlan.hu\/index.php\/2025\/01\/22\/miert-erdemes-alaposan-atgondolni-egy-erdi-telket\/"},"wordCount":489,"commentCount":0,"publisher":{"@id":"https:\/\/aranybalintingatlan.hu\/#organization"},"image":{"@id":"https:\/\/aranybalintingatlan.hu\/index.php\/2025\/01\/22\/miert-erdemes-alaposan-atgondolni-egy-erdi-telket\/#primaryimage"},"thumbnailUrl":"https:\/\/aranybalintingatlan.hu\/wp-content\/uploads\/2025\/01\/old-cathedral-surrounded-by-lush-green-nature-generated-by-ai-scaled.jpg","articleSection":["\u00c9p\u00edt\u00e9si telkek"],"inLanguage":"hu","potentialAction":[{"@type":"CommentAction","name":"Comment","target":["https:\/\/aranybalintingatlan.hu\/index.php\/2025\/01\/22\/miert-erdemes-alaposan-atgondolni-egy-erdi-telket\/#respond"]}]},{"@type":"WebPage","@id":"https:\/\/aranybalintingatlan.hu\/index.php\/2025\/01\/22\/miert-erdemes-alaposan-atgondolni-egy-erdi-telket\/","url":"https:\/\/aranybalintingatlan.hu\/index.php\/2025\/01\/22\/miert-erdemes-alaposan-atgondolni-egy-erdi-telket\/","name":"Mi\u00e9rt \u00e9rdemes alaposan \u00e1tgondolni egy \u00e9rdi telket? - aranybalintingatlan.hu","isPartOf":{"@id":"https:\/\/aranybalintingatlan.hu\/#website"},"primaryImageOfPage":{"@id":"https:\/\/aranybalintingatlan.hu\/index.php\/2025\/01\/22\/miert-erdemes-alaposan-atgondolni-egy-erdi-telket\/#primaryimage"},"image":{"@id":"https:\/\/aranybalintingatlan.hu\/index.php\/2025\/01\/22\/miert-erdemes-alaposan-atgondolni-egy-erdi-telket\/#primaryimage"},"thumbnailUrl":"https:\/\/aranybalintingatlan.hu\/wp-content\/uploads\/2025\/01\/old-cathedral-surrounded-by-lush-green-nature-generated-by-ai-scaled.jpg","datePublished":"2025-01-22T10:32:52+00:00","dateModified":"2025-01-22T10:41:08+00:00","breadcrumb":{"@id":"https:\/\/aranybalintingatlan.hu\/index.php\/2025\/01\/22\/miert-erdemes-alaposan-atgondolni-egy-erdi-telket\/#breadcrumb"},"inLanguage":"hu","potentialAction":[{"@type":"ReadAction","target":["https:\/\/aranybalintingatlan.hu\/index.php\/2025\/01\/22\/miert-erdemes-alaposan-atgondolni-egy-erdi-telket\/"]}]},{"@type":"ImageObject","inLanguage":"hu","@id":"https:\/\/aranybalintingatlan.hu\/index.php\/2025\/01\/22\/miert-erdemes-alaposan-atgondolni-egy-erdi-telket\/#primaryimage","url":"https:\/\/aranybalintingatlan.hu\/wp-content\/uploads\/2025\/01\/old-cathedral-surrounded-by-lush-green-nature-generated-by-ai-scaled.jpg","contentUrl":"https:\/\/aranybalintingatlan.hu\/wp-content\/uploads\/2025\/01\/old-cathedral-surrounded-by-lush-green-nature-generated-by-ai-scaled.jpg","width":2560,"height":1463,"caption":"\u00c9p\u00edt\u00e9si telek"},{"@type":"BreadcrumbList","@id":"https:\/\/aranybalintingatlan.hu\/index.php\/2025\/01\/22\/miert-erdemes-alaposan-atgondolni-egy-erdi-telket\/#breadcrumb","itemListElement":[{"@type":"ListItem","position":1,"name":"Kezd\u0151lap","item":"https:\/\/aranybalintingatlan.hu\/"},{"@type":"ListItem","position":2,"name":"Mi\u00e9rt \u00e9rdemes alaposan \u00e1tgondolni egy \u00e9rdi telket?"}]},{"@type":"WebSite","@id":"https:\/\/aranybalintingatlan.hu\/#website","url":"https:\/\/aranybalintingatlan.hu\/","name":"aranybalintingatlan.hu","description":"Ingatlan \u00e9rt\u00e9kes\u00edt\u00e9s \u00e1rgaranci\u00e1val","publisher":{"@id":"https:\/\/aranybalintingatlan.hu\/#organization"},"potentialAction":[{"@type":"SearchAction","target":{"@type":"EntryPoint","urlTemplate":"https:\/\/aranybalintingatlan.hu\/?s={search_term_string}"},"query-input":{"@type":"PropertyValueSpecification","valueRequired":true,"valueName":"search_term_string"}}],"inLanguage":"hu"},{"@type":"Organization","@id":"https:\/\/aranybalintingatlan.hu\/#organization","name":"aranybalintingatlan.hu","url":"https:\/\/aranybalintingatlan.hu\/","logo":{"@type":"ImageObject","inLanguage":"hu","@id":"https:\/\/aranybalintingatlan.hu\/#\/schema\/logo\/image\/","url":"https:\/\/aranybalintingatlan.hu\/wp-content\/uploads\/2024\/06\/AB-logo-arany.png","contentUrl":"https:\/\/aranybalintingatlan.hu\/wp-content\/uploads\/2024\/06\/AB-logo-arany.png","width":1772,"height":1772,"caption":"aranybalintingatlan.hu"},"image":{"@id":"https:\/\/aranybalintingatlan.hu\/#\/schema\/logo\/image\/"}},{"@type":"Person","@id":"https:\/\/aranybalintingatlan.hu\/#\/schema\/person\/3d3e76b5ab8a6bee3a1c3450d5d49ce1","name":"admin","image":{"@type":"ImageObject","inLanguage":"hu","@id":"https:\/\/secure.gravatar.com\/avatar\/87b9e80ae9a108c1e35d1240876122c500b6155eaace58ffa9c1f58afba02b6c?s=96&d=mm&r=g","url":"https:\/\/secure.gravatar.com\/avatar\/87b9e80ae9a108c1e35d1240876122c500b6155eaace58ffa9c1f58afba02b6c?s=96&d=mm&r=g","contentUrl":"https:\/\/secure.gravatar.com\/avatar\/87b9e80ae9a108c1e35d1240876122c500b6155eaace58ffa9c1f58afba02b6c?s=96&d=mm&r=g","caption":"admin"},"sameAs":["https:\/\/aranybalintingatlan.hu"],"url":"https:\/\/aranybalintingatlan.hu\/index.php\/author\/admin\/"}]}},"rttpg_featured_image_url":{"full":["https:\/\/aranybalintingatlan.hu\/wp-content\/uploads\/2025\/01\/old-cathedral-surrounded-by-lush-green-nature-generated-by-ai-scaled.jpg",2560,1463,false],"landscape":["https:\/\/aranybalintingatlan.hu\/wp-content\/uploads\/2025\/01\/old-cathedral-surrounded-by-lush-green-nature-generated-by-ai-scaled.jpg",2560,1463,false],"portraits":["https:\/\/aranybalintingatlan.hu\/wp-content\/uploads\/2025\/01\/old-cathedral-surrounded-by-lush-green-nature-generated-by-ai-scaled.jpg",2560,1463,false],"thumbnail":["https:\/\/aranybalintingatlan.hu\/wp-content\/uploads\/2025\/01\/old-cathedral-surrounded-by-lush-green-nature-generated-by-ai-150x150.jpg",150,150,true],"medium":["https:\/\/aranybalintingatlan.hu\/wp-content\/uploads\/2025\/01\/old-cathedral-surrounded-by-lush-green-nature-generated-by-ai-300x171.jpg",300,171,true],"large":["https:\/\/aranybalintingatlan.hu\/wp-content\/uploads\/2025\/01\/old-cathedral-surrounded-by-lush-green-nature-generated-by-ai-1024x585.jpg",800,457,true],"1536x1536":["https:\/\/aranybalintingatlan.hu\/wp-content\/uploads\/2025\/01\/old-cathedral-surrounded-by-lush-green-nature-generated-by-ai-1536x878.jpg",1536,878,true],"2048x2048":["https:\/\/aranybalintingatlan.hu\/wp-content\/uploads\/2025\/01\/old-cathedral-surrounded-by-lush-green-nature-generated-by-ai-2048x1170.jpg",2048,1170,true]},"rttpg_author":{"display_name":"admin","author_link":"https:\/\/aranybalintingatlan.hu\/index.php\/author\/admin\/"},"rttpg_comment":0,"rttpg_category":"<a href=\"https:\/\/aranybalintingatlan.hu\/index.php\/category\/erpitesi-telkek\/\" rel=\"category tag\">\u00c9p\u00edt\u00e9si telkek<\/a>","rttpg_excerpt":"\u00c9rd, mint Budapest k\u00f6zels\u00e9g\u00e9ben fekv\u0151 telep\u00fcl\u00e9s, vonz\u00f3 lehet\u0151s\u00e9gnek t\u0171nhet azok sz\u00e1m\u00e1ra, akik saj\u00e1t otthon \u00e9p\u00edt\u00e9s\u00e9r\u0151l \u00e1lmodoznak. Azonban, miel\u0151tt d\u00f6nt\u00e9st hozn\u00e1nk, \u00e9rdemes alaposan k\u00f6r\u00fclj\u00e1rni a k\u00e9rd\u00e9st, \u00e9s t\u00f6bb szempontb\u00f3l megvizsg\u00e1lni a helyzetet. Mi\u00e9rt lehetnek fenntart\u00e1saink \u00c9rddel kapcsolatban? \u00c9p\u00edt\u00e9si szab\u00e1lyzatok \u00e9s korl\u00e1toz\u00e1sok: \u00c9rd, mint sok m\u00e1s telep\u00fcl\u00e9s, rendelkezik r\u00e9szletes \u00e9p\u00edt\u00e9si szab\u00e1lyzattal, amely sz\u00e1mos korl\u00e1toz\u00e1st tartalmazhat a be\u00e9p\u00edthet\u0151s\u00e9gre,&hellip;","_links":{"self":[{"href":"https:\/\/aranybalintingatlan.hu\/index.php\/wp-json\/wp\/v2\/posts\/617","targetHints":{"allow":["GET"]}}],"collection":[{"href":"https:\/\/aranybalintingatlan.hu\/index.php\/wp-json\/wp\/v2\/posts"}],"about":[{"href":"https:\/\/aranybalintingatlan.hu\/index.php\/wp-json\/wp\/v2\/types\/post"}],"author":[{"embeddable":true,"href":"https:\/\/aranybalintingatlan.hu\/index.php\/wp-json\/wp\/v2\/users\/1"}],"replies":[{"embeddable":true,"href":"https:\/\/aranybalintingatlan.hu\/index.php\/wp-json\/wp\/v2\/comments?post=617"}],"version-history":[{"count":10,"href":"https:\/\/aranybalintingatlan.hu\/index.php\/wp-json\/wp\/v2\/posts\/617\/revisions"}],"predecessor-version":[{"id":629,"href":"https:\/\/aranybalintingatlan.hu\/index.php\/wp-json\/wp\/v2\/posts\/617\/revisions\/629"}],"wp:featuredmedia":[{"embeddable":true,"href":"https:\/\/aranybalintingatlan.hu\/index.php\/wp-json\/wp\/v2\/media\/620"}],"wp:attachment":[{"href":"https:\/\/aranybalintingatlan.hu\/index.php\/wp-json\/wp\/v2\/media?parent=617"}],"wp:term":[{"taxonomy":"category","embeddable":true,"href":"https:\/\/aranybalintingatlan.hu\/index.php\/wp-json\/wp\/v2\/categories?post=617"},{"taxonomy":"post_tag","embeddable":true,"href":"https:\/\/aranybalintingatlan.hu\/index.php\/wp-json\/wp\/v2\/tags?post=617"}],"curies":[{"name":"wp","href":"https:\/\/api.w.org\/{rel}","templated":true}]}}